{"id":344,"date":"2023-03-09T18:44:18","date_gmt":"2023-03-09T18:44:18","guid":{"rendered":"http:\/\/grupomontevideo.org\/cp\/cpcatedraderechoshumanos\/?p=344"},"modified":"2023-03-09T18:44:18","modified_gmt":"2023-03-09T18:44:18","slug":"primera-reunion-virtual-2023-de-la-catedra-de-derechos-humanos","status":"publish","type":"post","link":"https:\/\/grupomontevideo.org\/cp\/cpcatedraderechoshumanos\/?p=344","title":{"rendered":"Primera reuni\u00f3n virtual 2023 de la C\u00e1tedra de Derechos Humanos"},"content":{"rendered":"<p>El pr\u00f3ximo <strong>martes 14 de marzo<\/strong> a las 11 horas (horario de Uruguay) se llevar\u00e1 a cabo la primera reuni\u00f3n virtual (plataforma Zoom) del a\u00f1o 2023 de la C\u00e1tedra de DD. HH.<\/p>\n<p>En la reuni\u00f3n se abordar\u00e1n los siguiente puntos:<\/p>\n<p>\u2666 Informe de la Escuela de Verano sobre Educaci\u00f3n en DD. HH celebrada en febrero pasado en la UFMG<br \/>\n\u2666 Actividades de la Catedra para 2023<br \/>\n\u2666 Pr\u00f3ximo Foro de DD. HH de AUGM<br \/>\n\u2666 Asuntos entrados por las universidades miembro<\/p>\n<p>&nbsp;<\/p>\n<p>&nbsp;<\/p>\n","protected":false},"excerpt":{"rendered":"<p>El pr\u00f3ximo martes 14 de marzo a las 11 horas (horario de Uruguay) se llevar\u00e1 a cabo la primera reuni\u00f3n virtual (plataforma Zoom) del a\u00f1o&#8230;<\/p>\n","protected":false},"author":1,"featured_media":0,"comment_status":"open","ping_status":"closed","sticky":false,"template":"","format":"standard","meta":{"footnotes":""},"categories":[1],"tags":[],"class_list":["post-344","post","type-post","status-publish","format-standard","hentry","category-sin-categoria"],"_links":{"self":[{"href":"https:\/\/grupomontevideo.org\/cp\/cpcatedraderechoshumanos\/index.php?rest_route=\/wp\/v2\/posts\/344","targetHints":{"allow":["GET"]}}],"collection":[{"href":"https:\/\/grupomontevideo.org\/cp\/cpcatedraderechoshumanos\/index.php?rest_route=\/wp\/v2\/posts"}],"about":[{"href":"https:\/\/grupomontevideo.org\/cp\/cpcatedraderechoshumanos\/index.php?rest_route=\/wp\/v2\/types\/post"}],"author":[{"embeddable":true,"href":"https:\/\/grupomontevideo.org\/cp\/cpcatedraderechoshumanos\/index.php?rest_route=\/wp\/v2\/users\/1"}],"replies":[{"embeddable":true,"href":"https:\/\/grupomontevideo.org\/cp\/cpcatedraderechoshumanos\/index.php?rest_route=%2Fwp%2Fv2%2Fcomments&post=344"}],"version-history":[{"count":1,"href":"https:\/\/grupomontevideo.org\/cp\/cpcatedraderechoshumanos\/index.php?rest_route=\/wp\/v2\/posts\/344\/revisions"}],"predecessor-version":[{"id":346,"href":"https:\/\/grupomontevideo.org\/cp\/cpcatedraderechoshumanos\/index.php?rest_route=\/wp\/v2\/posts\/344\/revisions\/346"}],"wp:attachment":[{"href":"https:\/\/grupomontevideo.org\/cp\/cpcatedraderechoshumanos\/index.php?rest_route=%2Fwp%2Fv2%2Fmedia&parent=344"}],"wp:term":[{"taxonomy":"category","embeddable":true,"href":"https:\/\/grupomontevideo.org\/cp\/cpcatedraderechoshumanos\/index.php?rest_route=%2Fwp%2Fv2%2Fcategories&post=344"},{"taxonomy":"post_tag","embeddable":true,"href":"https:\/\/grupomontevideo.org\/cp\/cpcatedraderechoshumanos\/index.php?rest_route=%2Fwp%2Fv2%2Ftags&post=344"}],"curies":[{"name":"wp","href":"https:\/\/api.w.org\/{rel}","templated":true}]}}