{"id":331,"date":"2022-10-04T17:15:44","date_gmt":"2022-10-04T17:15:44","guid":{"rendered":"http:\/\/grupomontevideo.org\/cp\/cpcatedraderechoshumanos\/?p=331"},"modified":"2022-10-04T17:15:44","modified_gmt":"2022-10-04T17:15:44","slug":"proxima-reunion-virtual-de-la-catedra-de-derechos-humanos-2","status":"publish","type":"post","link":"https:\/\/grupomontevideo.org\/cp\/cpcatedraderechoshumanos\/?p=331","title":{"rendered":"Pr\u00f3xima reuni\u00f3n (virtual) de la C\u00e1tedra de Derechos Humanos"},"content":{"rendered":"<p>La pr\u00f3xima reuni\u00f3n (virtual) de la C\u00e1tedra de Derechos Humanos de AUGM se realizar\u00e1 el pr\u00f3ximo <strong>martes 11 de octubre<\/strong> 2022 a las 11.00 hs (horario de Uruguay), a trav\u00e9s de la plataforma Zoom.<\/p>\n<p>El temario a abordar ser\u00e1:<\/p>\n<p>&#8211; II Foro de Derechos Humanos de AUGM<\/p>\n","protected":false},"excerpt":{"rendered":"<p>La pr\u00f3xima reuni\u00f3n (virtual) de la C\u00e1tedra de Derechos Humanos de AUGM se realizar\u00e1 el pr\u00f3ximo martes 11 de octubre 2022 a las 11.00 hs&#8230;<\/p>\n","protected":false},"author":1,"featured_media":0,"comment_status":"open","ping_status":"closed","sticky":false,"template":"","format":"standard","meta":{"footnotes":""},"categories":[1],"tags":[],"class_list":["post-331","post","type-post","status-publish","format-standard","hentry","category-sin-categoria"],"_links":{"self":[{"href":"https:\/\/grupomontevideo.org\/cp\/cpcatedraderechoshumanos\/index.php?rest_route=\/wp\/v2\/posts\/331","targetHints":{"allow":["GET"]}}],"collection":[{"href":"https:\/\/grupomontevideo.org\/cp\/cpcatedraderechoshumanos\/index.php?rest_route=\/wp\/v2\/posts"}],"about":[{"href":"https:\/\/grupomontevideo.org\/cp\/cpcatedraderechoshumanos\/index.php?rest_route=\/wp\/v2\/types\/post"}],"author":[{"embeddable":true,"href":"https:\/\/grupomontevideo.org\/cp\/cpcatedraderechoshumanos\/index.php?rest_route=\/wp\/v2\/users\/1"}],"replies":[{"embeddable":true,"href":"https:\/\/grupomontevideo.org\/cp\/cpcatedraderechoshumanos\/index.php?rest_route=%2Fwp%2Fv2%2Fcomments&post=331"}],"version-history":[{"count":1,"href":"https:\/\/grupomontevideo.org\/cp\/cpcatedraderechoshumanos\/index.php?rest_route=\/wp\/v2\/posts\/331\/revisions"}],"predecessor-version":[{"id":332,"href":"https:\/\/grupomontevideo.org\/cp\/cpcatedraderechoshumanos\/index.php?rest_route=\/wp\/v2\/posts\/331\/revisions\/332"}],"wp:attachment":[{"href":"https:\/\/grupomontevideo.org\/cp\/cpcatedraderechoshumanos\/index.php?rest_route=%2Fwp%2Fv2%2Fmedia&parent=331"}],"wp:term":[{"taxonomy":"category","embeddable":true,"href":"https:\/\/grupomontevideo.org\/cp\/cpcatedraderechoshumanos\/index.php?rest_route=%2Fwp%2Fv2%2Fcategories&post=331"},{"taxonomy":"post_tag","embeddable":true,"href":"https:\/\/grupomontevideo.org\/cp\/cpcatedraderechoshumanos\/index.php?rest_route=%2Fwp%2Fv2%2Ftags&post=331"}],"curies":[{"name":"wp","href":"https:\/\/api.w.org\/{rel}","templated":true}]}}