{"id":327,"date":"2022-09-01T20:37:09","date_gmt":"2022-09-01T20:37:09","guid":{"rendered":"http:\/\/grupomontevideo.org\/cp\/cpcatedraderechoshumanos\/?p=327"},"modified":"2022-09-01T20:37:34","modified_gmt":"2022-09-01T20:37:34","slug":"proxima-reunion-virtual-de-la-catedra-de-derechos-humanos","status":"publish","type":"post","link":"https:\/\/grupomontevideo.org\/cp\/cpcatedraderechoshumanos\/?p=327","title":{"rendered":"Pr\u00f3xima reuni\u00f3n (virtual) de la C\u00e1tedra de Derechos Humanos"},"content":{"rendered":"<p>La pr\u00f3xima reuni\u00f3n (virtual) de la C\u00e1tedra de Derechos Humanos de AUGM se realizar\u00e1 el pr\u00f3ximo <strong>martes 6 de septiembre<\/strong> 2022 a las 11.00 hs (horario de Uruguay), a trav\u00e9s de la plataforma Zoom.<\/p>\n<p>El temario a abordar ser\u00e1:<\/p>\n<p>1. II Foro de Derechos Humanos organizado por la C\u00e1tedra de AUGM<\/p>\n<p>2. Escuela de Verano: \u00abEducaci\u00f3n en DD.HH\u00bb<\/p>\n<p>3. Mapeo de las actividades en DD.HH en las universidades de AUGM<\/p>\n<p>&nbsp;<\/p>\n","protected":false},"excerpt":{"rendered":"<p>La pr\u00f3xima reuni\u00f3n (virtual) de la C\u00e1tedra de Derechos Humanos de AUGM se realizar\u00e1 el pr\u00f3ximo martes 6 de septiembre 2022 a las 11.00 hs&#8230;<\/p>\n","protected":false},"author":1,"featured_media":0,"comment_status":"open","ping_status":"closed","sticky":false,"template":"","format":"standard","meta":{"footnotes":""},"categories":[1],"tags":[],"class_list":["post-327","post","type-post","status-publish","format-standard","hentry","category-sin-categoria"],"_links":{"self":[{"href":"https:\/\/grupomontevideo.org\/cp\/cpcatedraderechoshumanos\/index.php?rest_route=\/wp\/v2\/posts\/327","targetHints":{"allow":["GET"]}}],"collection":[{"href":"https:\/\/grupomontevideo.org\/cp\/cpcatedraderechoshumanos\/index.php?rest_route=\/wp\/v2\/posts"}],"about":[{"href":"https:\/\/grupomontevideo.org\/cp\/cpcatedraderechoshumanos\/index.php?rest_route=\/wp\/v2\/types\/post"}],"author":[{"embeddable":true,"href":"https:\/\/grupomontevideo.org\/cp\/cpcatedraderechoshumanos\/index.php?rest_route=\/wp\/v2\/users\/1"}],"replies":[{"embeddable":true,"href":"https:\/\/grupomontevideo.org\/cp\/cpcatedraderechoshumanos\/index.php?rest_route=%2Fwp%2Fv2%2Fcomments&post=327"}],"version-history":[{"count":2,"href":"https:\/\/grupomontevideo.org\/cp\/cpcatedraderechoshumanos\/index.php?rest_route=\/wp\/v2\/posts\/327\/revisions"}],"predecessor-version":[{"id":329,"href":"https:\/\/grupomontevideo.org\/cp\/cpcatedraderechoshumanos\/index.php?rest_route=\/wp\/v2\/posts\/327\/revisions\/329"}],"wp:attachment":[{"href":"https:\/\/grupomontevideo.org\/cp\/cpcatedraderechoshumanos\/index.php?rest_route=%2Fwp%2Fv2%2Fmedia&parent=327"}],"wp:term":[{"taxonomy":"category","embeddable":true,"href":"https:\/\/grupomontevideo.org\/cp\/cpcatedraderechoshumanos\/index.php?rest_route=%2Fwp%2Fv2%2Fcategories&post=327"},{"taxonomy":"post_tag","embeddable":true,"href":"https:\/\/grupomontevideo.org\/cp\/cpcatedraderechoshumanos\/index.php?rest_route=%2Fwp%2Fv2%2Ftags&post=327"}],"curies":[{"name":"wp","href":"https:\/\/api.w.org\/{rel}","templated":true}]}}