{"id":296,"date":"2022-03-04T19:33:40","date_gmt":"2022-03-04T19:33:40","guid":{"rendered":"http:\/\/grupomontevideo.org\/cp\/cpcatedraderechoshumanos\/?p=296"},"modified":"2022-03-04T19:35:59","modified_gmt":"2022-03-04T19:35:59","slug":"i-reunion-2022-de-la-catedra-de-derechos-humanos-de-augm","status":"publish","type":"post","link":"https:\/\/grupomontevideo.org\/cp\/cpcatedraderechoshumanos\/?p=296","title":{"rendered":"I Reuni\u00f3n 2022 de la C\u00e1tedra de Derechos Humanos de AUGM"},"content":{"rendered":"<p>La pr\u00f3xima reuni\u00f3n de la C\u00e1tedra de DD. HH se realizar\u00e1 el d\u00eda\u00a0<strong>lunes 14 de marzo<\/strong>\u00a0a las 11.00hs. (horario de Uruguay), a trav\u00e9s de la plataforma Zoom.<\/p>\n<p>El <strong>temario<\/strong> ser\u00e1:<\/p>\n<p>1. Apertura y bienvenida a los participantes.<br \/>\n2. Presentaci\u00f3n del Porf. Alvaro Rico, Secretario Ejecutivo de AUGM.<br \/>\n3. Informe general de los temas en agenda de la AUGM.<br \/>\n4. Actividades de la C\u00e1tedra para 2022.<br \/>\n3. Asuntos planteados por las universidades miembro.<\/p>\n","protected":false},"excerpt":{"rendered":"<p>La pr\u00f3xima reuni\u00f3n de la C\u00e1tedra de DD. HH se realizar\u00e1 el d\u00eda\u00a0lunes 14 de marzo\u00a0a las 11.00hs. (horario de Uruguay), a trav\u00e9s de la&#8230;<\/p>\n","protected":false},"author":1,"featured_media":0,"comment_status":"open","ping_status":"closed","sticky":false,"template":"","format":"standard","meta":{"footnotes":""},"categories":[1],"tags":[],"class_list":["post-296","post","type-post","status-publish","format-standard","hentry","category-sin-categoria"],"_links":{"self":[{"href":"https:\/\/grupomontevideo.org\/cp\/cpcatedraderechoshumanos\/index.php?rest_route=\/wp\/v2\/posts\/296","targetHints":{"allow":["GET"]}}],"collection":[{"href":"https:\/\/grupomontevideo.org\/cp\/cpcatedraderechoshumanos\/index.php?rest_route=\/wp\/v2\/posts"}],"about":[{"href":"https:\/\/grupomontevideo.org\/cp\/cpcatedraderechoshumanos\/index.php?rest_route=\/wp\/v2\/types\/post"}],"author":[{"embeddable":true,"href":"https:\/\/grupomontevideo.org\/cp\/cpcatedraderechoshumanos\/index.php?rest_route=\/wp\/v2\/users\/1"}],"replies":[{"embeddable":true,"href":"https:\/\/grupomontevideo.org\/cp\/cpcatedraderechoshumanos\/index.php?rest_route=%2Fwp%2Fv2%2Fcomments&post=296"}],"version-history":[{"count":2,"href":"https:\/\/grupomontevideo.org\/cp\/cpcatedraderechoshumanos\/index.php?rest_route=\/wp\/v2\/posts\/296\/revisions"}],"predecessor-version":[{"id":298,"href":"https:\/\/grupomontevideo.org\/cp\/cpcatedraderechoshumanos\/index.php?rest_route=\/wp\/v2\/posts\/296\/revisions\/298"}],"wp:attachment":[{"href":"https:\/\/grupomontevideo.org\/cp\/cpcatedraderechoshumanos\/index.php?rest_route=%2Fwp%2Fv2%2Fmedia&parent=296"}],"wp:term":[{"taxonomy":"category","embeddable":true,"href":"https:\/\/grupomontevideo.org\/cp\/cpcatedraderechoshumanos\/index.php?rest_route=%2Fwp%2Fv2%2Fcategories&post=296"},{"taxonomy":"post_tag","embeddable":true,"href":"https:\/\/grupomontevideo.org\/cp\/cpcatedraderechoshumanos\/index.php?rest_route=%2Fwp%2Fv2%2Ftags&post=296"}],"curies":[{"name":"wp","href":"https:\/\/api.w.org\/{rel}","templated":true}]}}