{"id":291,"date":"2021-10-27T19:44:52","date_gmt":"2021-10-27T19:44:52","guid":{"rendered":"http:\/\/grupomontevideo.org\/cp\/cpcatedraderechoshumanos\/?p=291"},"modified":"2021-10-27T19:45:22","modified_gmt":"2021-10-27T19:45:22","slug":"v-reunion-virtual-de-la-catedra-de-derechos-humanos-de-augm","status":"publish","type":"post","link":"https:\/\/grupomontevideo.org\/cp\/cpcatedraderechoshumanos\/?p=291","title":{"rendered":"V REUNI\u00d3N VIRTUAL DE LA C\u00c1TEDRA DE DERECHOS HUMANOS DE AUGM"},"content":{"rendered":"<p>La pr\u00f3xima reuni\u00f3n virtual de la C\u00e1tedra de DD.HH se realizar\u00e1 el pr\u00f3ximo <strong>Mi\u00e9rcoles 3 de noviembre<\/strong> a las 11 hs (horario de Uruguay).<\/p>\n<div class=\"v1gmail_default\">Los temas a tratar ser\u00e1n:<\/div>\n<div class=\"v1gmail_default\">\n<div dir=\"ltr\">\n<ul>\n<li>Foro de Derechos Humanos.<\/li>\n<li>Asuntos entrados por las universidades miembro.<\/li>\n<\/ul>\n<\/div>\n<\/div>\n","protected":false},"excerpt":{"rendered":"<p>La pr\u00f3xima reuni\u00f3n virtual de la C\u00e1tedra de DD.HH se realizar\u00e1 el pr\u00f3ximo Mi\u00e9rcoles 3 de noviembre a las 11 hs (horario de Uruguay). Los&#8230;<\/p>\n","protected":false},"author":1,"featured_media":0,"comment_status":"open","ping_status":"closed","sticky":false,"template":"","format":"standard","meta":{"footnotes":""},"categories":[1],"tags":[],"class_list":["post-291","post","type-post","status-publish","format-standard","hentry","category-sin-categoria"],"_links":{"self":[{"href":"https:\/\/grupomontevideo.org\/cp\/cpcatedraderechoshumanos\/index.php?rest_route=\/wp\/v2\/posts\/291","targetHints":{"allow":["GET"]}}],"collection":[{"href":"https:\/\/grupomontevideo.org\/cp\/cpcatedraderechoshumanos\/index.php?rest_route=\/wp\/v2\/posts"}],"about":[{"href":"https:\/\/grupomontevideo.org\/cp\/cpcatedraderechoshumanos\/index.php?rest_route=\/wp\/v2\/types\/post"}],"author":[{"embeddable":true,"href":"https:\/\/grupomontevideo.org\/cp\/cpcatedraderechoshumanos\/index.php?rest_route=\/wp\/v2\/users\/1"}],"replies":[{"embeddable":true,"href":"https:\/\/grupomontevideo.org\/cp\/cpcatedraderechoshumanos\/index.php?rest_route=%2Fwp%2Fv2%2Fcomments&post=291"}],"version-history":[{"count":3,"href":"https:\/\/grupomontevideo.org\/cp\/cpcatedraderechoshumanos\/index.php?rest_route=\/wp\/v2\/posts\/291\/revisions"}],"predecessor-version":[{"id":294,"href":"https:\/\/grupomontevideo.org\/cp\/cpcatedraderechoshumanos\/index.php?rest_route=\/wp\/v2\/posts\/291\/revisions\/294"}],"wp:attachment":[{"href":"https:\/\/grupomontevideo.org\/cp\/cpcatedraderechoshumanos\/index.php?rest_route=%2Fwp%2Fv2%2Fmedia&parent=291"}],"wp:term":[{"taxonomy":"category","embeddable":true,"href":"https:\/\/grupomontevideo.org\/cp\/cpcatedraderechoshumanos\/index.php?rest_route=%2Fwp%2Fv2%2Fcategories&post=291"},{"taxonomy":"post_tag","embeddable":true,"href":"https:\/\/grupomontevideo.org\/cp\/cpcatedraderechoshumanos\/index.php?rest_route=%2Fwp%2Fv2%2Ftags&post=291"}],"curies":[{"name":"wp","href":"https:\/\/api.w.org\/{rel}","templated":true}]}}