{"id":279,"date":"2021-05-04T17:42:35","date_gmt":"2021-05-04T17:42:35","guid":{"rendered":"http:\/\/grupomontevideo.org\/cp\/cpcatedraderechoshumanos\/?p=279"},"modified":"2021-05-04T17:42:35","modified_gmt":"2021-05-04T17:42:35","slug":"iii-reunion-virtual-2021-de-la-catedra-de-derechos-humanos-de-augm","status":"publish","type":"post","link":"https:\/\/grupomontevideo.org\/cp\/cpcatedraderechoshumanos\/?p=279","title":{"rendered":"III Reuni\u00f3n virtual 2021 de la C\u00e1tedra de Derechos Humanos de AUGM"},"content":{"rendered":"<p>La III reuni\u00f3n virtual 2021 de la C\u00e1tedra de Derechos Humanos de AUGM se llevar\u00e1 adelante el pr\u00f3ximo d\u00eda <strong>viernes 14 de mayo<\/strong> a las 11hs (horario de Uruguay).<\/p>\n<p>Los temas a tratar ser\u00e1n: Avalia\u00e7\u00e3o III encuentro\/ plano trienal\/ proposta de escola de ver\u00e3o.<\/p>\n<p>&nbsp;<\/p>\n","protected":false},"excerpt":{"rendered":"<p>La III reuni\u00f3n virtual 2021 de la C\u00e1tedra de Derechos Humanos de AUGM se llevar\u00e1 adelante el pr\u00f3ximo d\u00eda viernes 14 de mayo a las&#8230;<\/p>\n","protected":false},"author":1,"featured_media":0,"comment_status":"open","ping_status":"closed","sticky":false,"template":"","format":"standard","meta":{"footnotes":""},"categories":[1],"tags":[],"class_list":["post-279","post","type-post","status-publish","format-standard","hentry","category-sin-categoria"],"_links":{"self":[{"href":"https:\/\/grupomontevideo.org\/cp\/cpcatedraderechoshumanos\/index.php?rest_route=\/wp\/v2\/posts\/279","targetHints":{"allow":["GET"]}}],"collection":[{"href":"https:\/\/grupomontevideo.org\/cp\/cpcatedraderechoshumanos\/index.php?rest_route=\/wp\/v2\/posts"}],"about":[{"href":"https:\/\/grupomontevideo.org\/cp\/cpcatedraderechoshumanos\/index.php?rest_route=\/wp\/v2\/types\/post"}],"author":[{"embeddable":true,"href":"https:\/\/grupomontevideo.org\/cp\/cpcatedraderechoshumanos\/index.php?rest_route=\/wp\/v2\/users\/1"}],"replies":[{"embeddable":true,"href":"https:\/\/grupomontevideo.org\/cp\/cpcatedraderechoshumanos\/index.php?rest_route=%2Fwp%2Fv2%2Fcomments&post=279"}],"version-history":[{"count":1,"href":"https:\/\/grupomontevideo.org\/cp\/cpcatedraderechoshumanos\/index.php?rest_route=\/wp\/v2\/posts\/279\/revisions"}],"predecessor-version":[{"id":280,"href":"https:\/\/grupomontevideo.org\/cp\/cpcatedraderechoshumanos\/index.php?rest_route=\/wp\/v2\/posts\/279\/revisions\/280"}],"wp:attachment":[{"href":"https:\/\/grupomontevideo.org\/cp\/cpcatedraderechoshumanos\/index.php?rest_route=%2Fwp%2Fv2%2Fmedia&parent=279"}],"wp:term":[{"taxonomy":"category","embeddable":true,"href":"https:\/\/grupomontevideo.org\/cp\/cpcatedraderechoshumanos\/index.php?rest_route=%2Fwp%2Fv2%2Fcategories&post=279"},{"taxonomy":"post_tag","embeddable":true,"href":"https:\/\/grupomontevideo.org\/cp\/cpcatedraderechoshumanos\/index.php?rest_route=%2Fwp%2Fv2%2Ftags&post=279"}],"curies":[{"name":"wp","href":"https:\/\/api.w.org\/{rel}","templated":true}]}}