{"id":275,"date":"2021-04-15T16:04:45","date_gmt":"2021-04-15T16:04:45","guid":{"rendered":"http:\/\/grupomontevideo.org\/cp\/cpcatedraderechoshumanos\/?p=275"},"modified":"2021-04-15T16:04:45","modified_gmt":"2021-04-15T16:04:45","slug":"iii-encuentro-de-la-catedra-abierta-de-ddhh-desafios-en-tiempo-de-pandemia-para-efectivizar-el-derecho-a-la-educacion","status":"publish","type":"post","link":"https:\/\/grupomontevideo.org\/cp\/cpcatedraderechoshumanos\/?p=275","title":{"rendered":"III Encuentro de la C\u00e1tedra Abierta de DDHH: Desaf\u00edos en tiempo de pandemia para efectivizar el derecho a la educaci\u00f3n"},"content":{"rendered":"<p style=\"text-align: justify;\">La <strong><a href=\"https:\/\/grupomontevideo.org\/cp\/cpcatedraderechoshumanos\/\">C\u00e1tedra Abierta de Derechos Humanos<\/a> de la Asociaci\u00f3n de Universidades Grupo Montevideo<\/strong> (AUGM) llevar\u00e1 adelante su tercer encuentro virtual el pr\u00f3ximo 30 de abril. La actividad tendr\u00e1 como tem\u00e1tica \u201c<em><strong>Desaf\u00edos en tiempo de pandemia para efectivizar el derecho a la educaci\u00f3n<\/strong><\/em>\u201d y ser\u00e1 una jornada que contar\u00e1 con dos mesas de intercambio.<\/p>\n<p style=\"text-align: justify;\">All\u00ed se <strong>reunir\u00e1n a especialistas de universidades, actores sociales y autoridades de institucionales relevantes vinculados al tema, provenientes de Argentina, Brasil, Chile, Uruguay, Paraguay y Bolivia<\/strong>.<\/p>\n<p style=\"text-align: justify;\">De esta manera la actividad se coloca en el marco preparatorio de la <a href=\"https:\/\/www.iesalc.unesco.org\/evento\/tercera-conferencia-mundial-de-educacion-superior-de-la-unesco-whec2021\/\">III Conferencia Mundial de Educaci\u00f3n Superior<\/a>, que tendr\u00e1 lugar en septiembre (Barcelona).<\/p>\n<blockquote>\n<p style=\"text-align: justify;\">\u201c<em>Entendemos que la pandemia, que ya cumple un a\u00f1o, ha impuesto a nivel regional (y mundial) desaf\u00edos relevantes, en la medida que est\u00e1 profundizando desigualdades pre-existentes, a la vez que trajo nuevas tensiones que obstaculizan el goce del derecho a la educaci\u00f3n. <strong>Buscamos, a trav\u00e9s del intercambio, alcanzar algunas respuestas y propuestas que aseguren el acceso a una educaci\u00f3n p\u00fablica de calidad en todos los niveles de ense\u00f1anza<\/strong><\/em>\u201d, explican desde la C\u00e1tedra.<\/p>\n<\/blockquote>\n<p style=\"text-align: justify;\"><span style=\"font-weight: 400;\">La <strong>primera mesa se realizar\u00e1 de 9.00 a 11.00<\/strong> (BSAS) con la tem\u00e1tica \u201c<em><strong>La Educaci\u00f3n Primaria y Secundaria: principales impactos de la pandemia<\/strong><\/em>\u201d.<\/span><\/p>\n<p style=\"text-align: justify;\"><span style=\"font-weight: 400;\">La <strong>segunda mesa se realizar\u00e1 de 11.oo a 13.00<\/strong> (BSAS) y lleva por t\u00edtulo \u201c<em><strong>La educaci\u00f3n Universitaria y el desaf\u00edo de la calidad en contexto de pandemia<\/strong><\/em>\u201d.<\/span><\/p>\n<hr \/>\n<p style=\"text-align: center;\">La Actividad puede ser seguida en vivo a trav\u00e9s de las cuentas oficiales de AUGM en <a href=\"https:\/\/twitter.com\/notifications?lang=es\">Twitter<\/a>, <a href=\"https:\/\/www.facebook.com\/AUGMoficial\">Facebook<\/a> y <a href=\"https:\/\/www.youtube.com\/channel\/UCPsfsC2J64FsbEr7r2gpb7w\">YouTube<\/a><\/p>\n<hr \/>\n<p style=\"text-align: justify;\">\n","protected":false},"excerpt":{"rendered":"<p>La C\u00e1tedra Abierta de Derechos Humanos de la Asociaci\u00f3n de Universidades Grupo Montevideo (AUGM) llevar\u00e1 adelante su tercer encuentro virtual el pr\u00f3ximo 30 de abril&#8230;.<\/p>\n","protected":false},"author":1,"featured_media":0,"comment_status":"open","ping_status":"closed","sticky":false,"template":"","format":"standard","meta":{"footnotes":""},"categories":[1],"tags":[],"class_list":["post-275","post","type-post","status-publish","format-standard","hentry","category-sin-categoria"],"_links":{"self":[{"href":"https:\/\/grupomontevideo.org\/cp\/cpcatedraderechoshumanos\/index.php?rest_route=\/wp\/v2\/posts\/275","targetHints":{"allow":["GET"]}}],"collection":[{"href":"https:\/\/grupomontevideo.org\/cp\/cpcatedraderechoshumanos\/index.php?rest_route=\/wp\/v2\/posts"}],"about":[{"href":"https:\/\/grupomontevideo.org\/cp\/cpcatedraderechoshumanos\/index.php?rest_route=\/wp\/v2\/types\/post"}],"author":[{"embeddable":true,"href":"https:\/\/grupomontevideo.org\/cp\/cpcatedraderechoshumanos\/index.php?rest_route=\/wp\/v2\/users\/1"}],"replies":[{"embeddable":true,"href":"https:\/\/grupomontevideo.org\/cp\/cpcatedraderechoshumanos\/index.php?rest_route=%2Fwp%2Fv2%2Fcomments&post=275"}],"version-history":[{"count":1,"href":"https:\/\/grupomontevideo.org\/cp\/cpcatedraderechoshumanos\/index.php?rest_route=\/wp\/v2\/posts\/275\/revisions"}],"predecessor-version":[{"id":276,"href":"https:\/\/grupomontevideo.org\/cp\/cpcatedraderechoshumanos\/index.php?rest_route=\/wp\/v2\/posts\/275\/revisions\/276"}],"wp:attachment":[{"href":"https:\/\/grupomontevideo.org\/cp\/cpcatedraderechoshumanos\/index.php?rest_route=%2Fwp%2Fv2%2Fmedia&parent=275"}],"wp:term":[{"taxonomy":"category","embeddable":true,"href":"https:\/\/grupomontevideo.org\/cp\/cpcatedraderechoshumanos\/index.php?rest_route=%2Fwp%2Fv2%2Fcategories&post=275"},{"taxonomy":"post_tag","embeddable":true,"href":"https:\/\/grupomontevideo.org\/cp\/cpcatedraderechoshumanos\/index.php?rest_route=%2Fwp%2Fv2%2Ftags&post=275"}],"curies":[{"name":"wp","href":"https:\/\/api.w.org\/{rel}","templated":true}]}}