{"id":253,"date":"2020-10-21T11:08:15","date_gmt":"2020-10-21T11:08:15","guid":{"rendered":"http:\/\/grupomontevideo.org\/cp\/cpcatedraderechoshumanos\/?p=253"},"modified":"2021-03-17T20:24:55","modified_gmt":"2021-03-17T20:24:55","slug":"i-encuentro-de-la-catedra-abierta-d-derechos-humanos","status":"publish","type":"post","link":"https:\/\/grupomontevideo.org\/cp\/cpcatedraderechoshumanos\/?p=253","title":{"rendered":"I Encuentro de la C\u00e1tedra Abierta de Derechos Humanos"},"content":{"rendered":"<p style=\"text-align: justify;\">El pasado 10 de setiembre la<strong> C\u00e1tedra Abierta de Derechos Humanos de la Asociaci\u00f3n de Universidades Grupo Montevideo (AUGM) llev\u00f3 adelante su primer <\/strong><b>encuentro<\/b>, actividad virtual que reuni\u00f3 acad\u00e9micos, pensadores y l\u00edderes sociales de Brasil, Argentina, Chile y Uruguay para diagnosticar las pol\u00edticas p\u00fablicas y la situaci\u00f3n de vulnerabilidad humana en la regi\u00f3n.<\/p>\n<p style=\"text-align: justify;\"><strong>La actividad, que cont\u00f3 con dos mesas de debate, est\u00e1 disponible en YouTube:<\/strong><\/p>\n<p><iframe loading=\"lazy\" src=\"https:\/\/www.youtube.com\/embed\/KuzwxQN9oQA?list=PLAfBzlUpABtpy9DhccN80y0TtKUpvpBsf\" width=\"600\" height=\"280\" frameborder=\"0\" allowfullscreen=\"allowfullscreen\"><span data-mce-type=\"bookmark\" style=\"display: inline-block; width: 0px; overflow: hidden; line-height: 0;\" class=\"mce_SELRES_start\">\ufeff<\/span><\/iframe><\/p>\n<p><span style=\"font-weight: 400;\"><strong>PROGRAMACI\u00d3N<\/strong><br \/>\n<\/span><span style=\"font-weight: 400;\">Apertura \u2013 10h-10:15hs (hora de Bras\u00edlia)<\/span><\/p>\n<p><strong>N\u00e9ri de Barros Almeida<br \/>\nDiretora Ejecutiva de Derechos Humanos &#8211; Universidade Estadual de Campinas\/Brasil<\/strong><\/p>\n<p><strong>Fernando Hashimoto<br \/>\nPro rector de Extensi\u00f3n \u2013 Universidade Estadual de Campinas\/Brasil<\/strong><\/p>\n<p><strong>Enrique Mamarella<br \/>\nPresidente de AUGM &#8211; Rector de Universidad Nacional del Litoral\/Argentina<\/strong><\/p>\n<hr \/>\n<p><strong>Mesa 1 \u2013 10:15h-12:15h (hora de Bras\u00edlia)<br \/>\n<em>Pol\u00edticas p\u00fablicas desde la experiencia de la pandemia<\/em><\/strong><\/p>\n<p><span style=\"font-weight: 400;\"><strong>Moderadora: Claudia Mayorga<\/strong> (Pro rectora de Extensi\u00f3n Universit\u00e1ria, Universidade Federal de Minas Gerais\/Brasil)<\/span><\/p>\n<p><span style=\"font-weight: 400;\"><strong>Claudio Nash<\/strong><br \/>\n<\/span><span style=\"font-weight: 400;\">Diretor del Observat\u00f3rio de Derechos Humanos &#8211; Universidad de Chile<\/span><\/p>\n<p><em><span style=\"font-weight: 400;\">Pol\u00edticas p\u00fablicas y pandemia. Est\u00e1ndares Interamericanos<\/span><\/em><\/p>\n<p><span style=\"font-weight: 400;\"><strong>Dirceu Greco<\/strong><br \/>\n<\/span><span style=\"font-weight: 400;\">Presidente da Sociedade Brasileira de Bio\u00e9tica &#8211; Universidade Federal de Minas Gerais\/Brasil<\/span><\/p>\n<p><em><span style=\"font-weight: 400;\">Bio\u00e9tica y derechos humanos: el papel ejemplar del Sistema \u00danico de Salud (SUS) en el acceso equitativo a la atenci\u00f3n integral de salud en Brasil, durante y despu\u00e9s de la pandemia.<\/span><\/em><\/p>\n<p><span style=\"font-weight: 400;\"><strong>Gregory Randall<\/strong><br \/>\n<\/span><span style=\"font-weight: 400;\">Instituto de Ingenier\u00eda El\u00e9ctrica &#8211; Universidad de la Rep\u00fablica\/Uruguay<\/span><\/p>\n<p><em><span style=\"font-weight: 400;\">La Universidad de la Rep\u00fablica en tiempos de pandemia: desaf\u00edos y oportunidades<\/span><\/em><\/p>\n<hr \/>\n<p><strong>Mesa 2\u2013 15h-17h (hora de Bras\u00edlia)<br \/>\n<em>Grupos vulnerables ante la pandemia<\/em><\/strong><\/p>\n<p><span style=\"font-weight: 400;\">Moderadora: <strong>Mariana Gozalez Guyer<\/strong> (Pro rectora de Extensi\u00f3n Universitaria, Universidad de la Republica\/Uruguay)<\/span><\/p>\n<p><span style=\"font-weight: 400;\"><strong>Paula Spina<\/strong><br \/>\n<\/span><span style=\"font-weight: 400;\">Observatorio de Viol\u00eancia de G\u00eanero \u2013 Universidad Nacional\u00a0 del Litoral\/Argentina<\/span><\/p>\n<p><span style=\"font-weight: 400;\">\u00bfCu\u00e1les son esas vidas aislables?: covid \u2013 19, cuarentena\u00a0 y las desigualdades y violencias por motivos de g\u00e9nero en la regi\u00f3n<\/span><\/p>\n<p>&nbsp;<\/p>\n<p><strong>Rubens Bedrikow<br \/>\n<\/strong><span style=\"font-weight: 400;\">Facultad de Ci\u00eancias M\u00e9dicas -Universidade Estadual de Campinas\/Brasil<\/span><\/p>\n<p><em><span style=\"font-weight: 400;\">La universidad y la poblaci\u00f3n de ocupaci\u00f3n urbana: una cuesti\u00f3n de derechos humanos<\/span><\/em><\/p>\n<p>&nbsp;<\/p>\n<p><strong>Sandra Leopold<br \/>\n<\/strong><span style=\"font-weight: 400;\">Universidad de la Republica\/Uruguay<\/span><\/p>\n<p><em><span style=\"font-weight: 400;\">Personas en situaci\u00f3n de calle en Uruguay: reflexiones a partir de una experiencia de extensi\u00f3n universitaria en curso<\/span><\/em><\/p>\n<p>&nbsp;<\/p>\n","protected":false},"excerpt":{"rendered":"<p>El pasado 10 de setiembre la C\u00e1tedra Abierta de Derechos Humanos de la Asociaci\u00f3n de Universidades Grupo Montevideo (AUGM) llev\u00f3 adelante su primer encuentro, actividad&#8230;<\/p>\n","protected":false},"author":1,"featured_media":0,"comment_status":"open","ping_status":"closed","sticky":false,"template":"","format":"standard","meta":{"footnotes":""},"categories":[1],"tags":[],"class_list":["post-253","post","type-post","status-publish","format-standard","hentry","category-sin-categoria"],"_links":{"self":[{"href":"https:\/\/grupomontevideo.org\/cp\/cpcatedraderechoshumanos\/index.php?rest_route=\/wp\/v2\/posts\/253","targetHints":{"allow":["GET"]}}],"collection":[{"href":"https:\/\/grupomontevideo.org\/cp\/cpcatedraderechoshumanos\/index.php?rest_route=\/wp\/v2\/posts"}],"about":[{"href":"https:\/\/grupomontevideo.org\/cp\/cpcatedraderechoshumanos\/index.php?rest_route=\/wp\/v2\/types\/post"}],"author":[{"embeddable":true,"href":"https:\/\/grupomontevideo.org\/cp\/cpcatedraderechoshumanos\/index.php?rest_route=\/wp\/v2\/users\/1"}],"replies":[{"embeddable":true,"href":"https:\/\/grupomontevideo.org\/cp\/cpcatedraderechoshumanos\/index.php?rest_route=%2Fwp%2Fv2%2Fcomments&post=253"}],"version-history":[{"count":2,"href":"https:\/\/grupomontevideo.org\/cp\/cpcatedraderechoshumanos\/index.php?rest_route=\/wp\/v2\/posts\/253\/revisions"}],"predecessor-version":[{"id":269,"href":"https:\/\/grupomontevideo.org\/cp\/cpcatedraderechoshumanos\/index.php?rest_route=\/wp\/v2\/posts\/253\/revisions\/269"}],"wp:attachment":[{"href":"https:\/\/grupomontevideo.org\/cp\/cpcatedraderechoshumanos\/index.php?rest_route=%2Fwp%2Fv2%2Fmedia&parent=253"}],"wp:term":[{"taxonomy":"category","embeddable":true,"href":"https:\/\/grupomontevideo.org\/cp\/cpcatedraderechoshumanos\/index.php?rest_route=%2Fwp%2Fv2%2Fcategories&post=253"},{"taxonomy":"post_tag","embeddable":true,"href":"https:\/\/grupomontevideo.org\/cp\/cpcatedraderechoshumanos\/index.php?rest_route=%2Fwp%2Fv2%2Ftags&post=253"}],"curies":[{"name":"wp","href":"https:\/\/api.w.org\/{rel}","templated":true}]}}